{"id":181,"date":"2017-02-15T20:08:40","date_gmt":"2017-02-15T19:08:40","guid":{"rendered":"http:\/\/www.rybari-klasterec.kabel1.cz\/wp1\/?p=181"},"modified":"2017-02-15T20:08:40","modified_gmt":"2017-02-15T19:08:40","slug":"vyrocni-clenska-schuze-2017","status":"publish","type":"post","link":"http:\/\/www.rybari-klasterec.kabel1.cz\/index.php\/2017\/02\/15\/vyrocni-clenska-schuze-2017\/","title":{"rendered":"V\u00fdro\u010dn\u00ed \u010dlensk\u00e1 sch\u016fze 2017"},"content":{"rendered":"<p>Term\u00edn sch\u016fze je v ned\u011bli 9.4.2017 na ryb\u00e1\u0159sk\u00e9m dom\u011b.<br \/>\nPrezence \u010dlen\u016f od 8:30, sch\u016fze za\u010d\u00edn\u00e1 v 9:00.<\/p>\n<p>N\u00e1vrh programu:<br \/>\n1. Zah\u00e1jen\u00ed sch\u016fze<br \/>\n2. Schv\u00e1len\u00ed programu sch\u016fze<br \/>\n3. Volba mand\u00e1tov\u00e9 a n\u00e1vrhov\u00e9 komise<br \/>\n4. Kontrola usnesen\u00ed z minul\u00e9 sch\u016fze<br \/>\n5. Zpr\u00e1va o \u010dinnosti MO za uplynul\u00fd rok<br \/>\n6. Zpr\u00e1va hospod\u00e1\u0159e<br \/>\n7. Zpr\u00e1va vedouc\u00edho ml\u00e1de\u017ee<br \/>\n8. Zpr\u00e1va \u00fa\u010detn\u00edho a \u00fa\u010detn\u00ed uz\u00e1v\u011brka za rok 2016<br \/>\n9. Zpr\u00e1va dozor\u010d\u00ed komise<br \/>\n10. P\u0159est\u00e1vka<br \/>\n11. Zpr\u00e1va mand\u00e1tov\u00e9 komise<br \/>\n12. N\u00e1vrh rozpo\u010dtu na rok 2017<br \/>\n13. Volba deleg\u00e1t\u016f na \u00fazemn\u00ed konferenci<br \/>\n14. Diskuze<br \/>\n15. Usnesen\u00ed a z\u00e1v\u011br<\/p>\n","protected":false},"excerpt":{"rendered":"<p>Term\u00edn sch\u016fze je v ned\u011bli 9.4.2017 na ryb\u00e1\u0159sk\u00e9m dom\u011b. Prezence \u010dlen\u016f od 8:30, sch\u016fze za\u010d\u00edn\u00e1 v 9:00. N\u00e1vrh programu: 1. Zah\u00e1jen\u00ed sch\u016fze 2. Schv\u00e1len\u00ed programu sch\u016fze 3. Volba mand\u00e1tov\u00e9 a n\u00e1vrhov\u00e9 komise 4. Kontrola usnesen\u00ed z minul\u00e9 sch\u016fze 5. Zpr\u00e1va o \u010dinnosti MO za uplynul\u00fd rok 6. Zpr\u00e1va hospod\u00e1\u0159e 7. Zpr\u00e1va vedouc\u00edho ml\u00e1de\u017ee 8. Zpr\u00e1va &hellip; <a href=\"http:\/\/www.rybari-klasterec.kabel1.cz\/index.php\/2017\/02\/15\/vyrocni-clenska-schuze-2017\/\" class=\"more-link\">Pokra\u010dov\u00e1n\u00ed textu <span class=\"screen-reader-text\">V\u00fdro\u010dn\u00ed \u010dlensk\u00e1 sch\u016fze 2017<\/span> <span class=\"meta-nav\">&rarr;<\/span><\/a><\/p>\n","protected":false},"author":3,"featured_media":0,"comment_status":"closed","ping_status":"open","sticky":false,"template":"","format":"standard","meta":{"footnotes":""},"categories":[17,5],"tags":[],"_links":{"self":[{"href":"http:\/\/www.rybari-klasterec.kabel1.cz\/index.php\/wp-json\/wp\/v2\/posts\/181"}],"collection":[{"href":"http:\/\/www.rybari-klasterec.kabel1.cz\/index.php\/wp-json\/wp\/v2\/posts"}],"about":[{"href":"http:\/\/www.rybari-klasterec.kabel1.cz\/index.php\/wp-json\/wp\/v2\/types\/post"}],"author":[{"embeddable":true,"href":"http:\/\/www.rybari-klasterec.kabel1.cz\/index.php\/wp-json\/wp\/v2\/users\/3"}],"replies":[{"embeddable":true,"href":"http:\/\/www.rybari-klasterec.kabel1.cz\/index.php\/wp-json\/wp\/v2\/comments?post=181"}],"version-history":[{"count":1,"href":"http:\/\/www.rybari-klasterec.kabel1.cz\/index.php\/wp-json\/wp\/v2\/posts\/181\/revisions"}],"predecessor-version":[{"id":182,"href":"http:\/\/www.rybari-klasterec.kabel1.cz\/index.php\/wp-json\/wp\/v2\/posts\/181\/revisions\/182"}],"wp:attachment":[{"href":"http:\/\/www.rybari-klasterec.kabel1.cz\/index.php\/wp-json\/wp\/v2\/media?parent=181"}],"wp:term":[{"taxonomy":"category","embeddable":true,"href":"http:\/\/www.rybari-klasterec.kabel1.cz\/index.php\/wp-json\/wp\/v2\/categories?post=181"},{"taxonomy":"post_tag","embeddable":true,"href":"http:\/\/www.rybari-klasterec.kabel1.cz\/index.php\/wp-json\/wp\/v2\/tags?post=181"}],"curies":[{"name":"wp","href":"https:\/\/api.w.org\/{rel}","templated":true}]}}