{"id":653,"date":"2023-03-08T18:46:36","date_gmt":"2023-03-08T17:46:36","guid":{"rendered":"http:\/\/www.rybari-klasterec.kabel1.cz\/wp1\/?p=653"},"modified":"2023-04-23T09:18:13","modified_gmt":"2023-04-23T07:18:13","slug":"clenska-schuze-2023","status":"publish","type":"post","link":"http:\/\/www.rybari-klasterec.kabel1.cz\/index.php\/2023\/03\/08\/clenska-schuze-2023\/","title":{"rendered":"\u010clensk\u00e1 sch\u016fze 2023"},"content":{"rendered":"\n<p>V\u00fdro\u010dn\u00ed \u010dlensk\u00e1 sch\u016fze MO \u010cRS, z.s., Kl\u00e1\u0161terec n\/O se kon\u00e1 <strong>v&nbsp;ned\u011bli 23.4.2023 v&nbsp;Ryb\u00e1\u0159sk\u00e9m dom\u011b v&nbsp;Kl\u00e1\u0161terci nad Oh\u0159\u00ed od 09:00 hod.<\/strong> Prezence prob\u00edh\u00e1 od 08:30 hod.<\/p>\n\n\n\n<p>N\u00e1vrh programu:<br>1.Zah\u00e1jen\u00ed<br>2.Schv\u00e1len\u00ed programu<br>3.Volba mand\u00e1tov\u00e9 a n\u00e1vrhov\u00e9 komise<br>4.Kontrola usnesen\u00ed z minul\u00e9 sch\u016fze<br>5.Zpr\u00e1va o \u010dinnosti MO za uplynul\u00fd rok<br>6.Zpr\u00e1va hospod\u00e1\u0159e<br>7.Zpr\u00e1va ved. ml\u00e1de\u017ee<br>8.Zpr\u00e1va \u00fa\u010detn\u00edho a \u00fa\u010detn\u00ed uz\u00e1v\u011brka za rok 2022<br>9.Zpr\u00e1va dozor\u010d\u00ed komise<\/p>\n\n\n\n<p>p\u0159est\u00e1vka<\/p>\n\n\n\n<p>10.Zpr\u00e1va mand\u00e1tov\u00e9 komise<br>11.N\u00e1vrh rozpo\u010dtu na rok 2023<br>12.Diskuze<br>13.Usnesen\u00ed a z\u00e1v\u011br<\/p>\n","protected":false},"excerpt":{"rendered":"<p>V\u00fdro\u010dn\u00ed \u010dlensk\u00e1 sch\u016fze MO \u010cRS, z.s., Kl\u00e1\u0161terec n\/O se kon\u00e1 v&nbsp;ned\u011bli 23.4.2023 v&nbsp;Ryb\u00e1\u0159sk\u00e9m dom\u011b v&nbsp;Kl\u00e1\u0161terci nad Oh\u0159\u00ed od 09:00 hod. Prezence prob\u00edh\u00e1 od 08:30 hod. N\u00e1vrh programu:1.Zah\u00e1jen\u00ed2.Schv\u00e1len\u00ed programu3.Volba mand\u00e1tov\u00e9 a n\u00e1vrhov\u00e9 komise4.Kontrola usnesen\u00ed z minul\u00e9 sch\u016fze5.Zpr\u00e1va o \u010dinnosti MO za uplynul\u00fd rok6.Zpr\u00e1va hospod\u00e1\u0159e7.Zpr\u00e1va ved. ml\u00e1de\u017ee8.Zpr\u00e1va \u00fa\u010detn\u00edho a \u00fa\u010detn\u00ed uz\u00e1v\u011brka za rok 20229.Zpr\u00e1va dozor\u010d\u00ed komise p\u0159est\u00e1vka &hellip; <a href=\"http:\/\/www.rybari-klasterec.kabel1.cz\/index.php\/2023\/03\/08\/clenska-schuze-2023\/\" class=\"more-link\">Pokra\u010dov\u00e1n\u00ed textu <span class=\"screen-reader-text\">\u010clensk\u00e1 sch\u016fze 2023<\/span> <span class=\"meta-nav\">&rarr;<\/span><\/a><\/p>\n","protected":false},"author":3,"featured_media":0,"comment_status":"closed","ping_status":"open","sticky":false,"template":"","format":"standard","meta":{"footnotes":""},"categories":[17,5],"tags":[],"_links":{"self":[{"href":"http:\/\/www.rybari-klasterec.kabel1.cz\/index.php\/wp-json\/wp\/v2\/posts\/653"}],"collection":[{"href":"http:\/\/www.rybari-klasterec.kabel1.cz\/index.php\/wp-json\/wp\/v2\/posts"}],"about":[{"href":"http:\/\/www.rybari-klasterec.kabel1.cz\/index.php\/wp-json\/wp\/v2\/types\/post"}],"author":[{"embeddable":true,"href":"http:\/\/www.rybari-klasterec.kabel1.cz\/index.php\/wp-json\/wp\/v2\/users\/3"}],"replies":[{"embeddable":true,"href":"http:\/\/www.rybari-klasterec.kabel1.cz\/index.php\/wp-json\/wp\/v2\/comments?post=653"}],"version-history":[{"count":2,"href":"http:\/\/www.rybari-klasterec.kabel1.cz\/index.php\/wp-json\/wp\/v2\/posts\/653\/revisions"}],"predecessor-version":[{"id":661,"href":"http:\/\/www.rybari-klasterec.kabel1.cz\/index.php\/wp-json\/wp\/v2\/posts\/653\/revisions\/661"}],"wp:attachment":[{"href":"http:\/\/www.rybari-klasterec.kabel1.cz\/index.php\/wp-json\/wp\/v2\/media?parent=653"}],"wp:term":[{"taxonomy":"category","embeddable":true,"href":"http:\/\/www.rybari-klasterec.kabel1.cz\/index.php\/wp-json\/wp\/v2\/categories?post=653"},{"taxonomy":"post_tag","embeddable":true,"href":"http:\/\/www.rybari-klasterec.kabel1.cz\/index.php\/wp-json\/wp\/v2\/tags?post=653"}],"curies":[{"name":"wp","href":"https:\/\/api.w.org\/{rel}","templated":true}]}}